{"id":22221,"date":"2023-10-18T16:44:03","date_gmt":"2023-10-18T14:44:03","guid":{"rendered":"https:\/\/www.egss.si\/?p=22221"},"modified":"2023-10-18T16:46:27","modified_gmt":"2023-10-18T14:46:27","slug":"gledaliska-predstava-vse-sijajne-stvari","status":"publish","type":"post","link":"https:\/\/www.egss.si\/index.php\/2023\/10\/18\/gledaliska-predstava-vse-sijajne-stvari\/","title":{"rendered":"Gledali\u0161ka predstava Vse sijajne stvari"},"content":{"rendered":"<p>Kulturni dan za dijake 2. letnikov bo v \u010detrtek, 19. oktobra 2023.<\/p>\n<p>1. skupina (2. g, 2. e, polovica 2. a)<br \/>\nSpremljevalci: Karmen Gogala, Primo\u017e Zorko, Tadeja Klinar, Nina \u0160tular, Ana Hlebanja<\/p>\n<p>Odhod vlaka iz Radovljice je ob 7.52. Dijaki vstopijo na svoji postaji (\u010de so iz Lesc, gredo na vlak v Lescah, \u010de so iz Kranja, vstopijo v Kranju ipd.). V Ljubljano je prihod ob 8.43, nato pe\u0161 do Drame, sledi malica. Predstava se za\u010dne ob 10. uri, ki traja dobro uro (70 minut). Po predstavi sledi literarni sprehod po Ljubljani. Odhod z vlakom je ob 12.50, povratek v Radovljico bo ob 13.40.<\/p>\n<p>2. skupina (2. b, 2. c in polovica 2. a)<br \/>\nSpremljevalci: Marja Podjed, Katja Komljanec, Anamarija Kraj\u0161ek, Francka Ropret in Lidija Brezav\u0161\u010dek<\/p>\n<p>Odhod vlaka iz Radovljice je ob 10.06. Dijaki vstopijo na svoji postaji (\u010de so iz Lesc, gredo na vlak v Lescah, \u010de so iz Kranja, vstopijo v Kranju ipd.). V Ljubljano je prihod ob 11.01, nato pe\u0161 do Drame, sledi malica. Predstava se za\u010dne ob 12. uri, ki traja dobro uro (70 minut). Po predstavi sledi literarni sprehod po Ljubljani. Odhod z vlakom je ob 14.28, povratek v Radovljico bo ob 15.18.<\/p>\n<p>U\u017eivanje hrane in pija\u010de v gledali\u0161ki dvorani ni dovoljeno. U\u017eivanje prepovedanih substanc in kajenje na kulturnem dnevu tudi ni dovoljeno.<\/p>\n<p>Ker se bomo udele\u017eili kulturne prireditve, vas prosim za spo\u0161tljivo in kulturno obna\u0161anje.<\/p>\n<p>\u017delim vam lep kulturni dan v prestolnici!<\/p>\n<p>Anamarija Kraj\u0161ek, organizatorka kulturnega dneva<\/p>\n","protected":false},"excerpt":{"rendered":"<p>Kulturni dan za dijake 2. letnikov bo v \u010detrtek, 19. oktobra 2023. 1.  [&#8230;]<\/p>\n","protected":false},"author":7,"featured_media":22222,"comment_status":"open","ping_status":"open","sticky":false,"template":"","format":"standard","meta":{"_monsterinsights_skip_tracking":false,"_monsterinsights_sitenote_active":false,"_monsterinsights_sitenote_note":"","_monsterinsights_sitenote_category":0,"two_page_speed":[],"footnotes":""},"categories":[36],"tags":[],"class_list":["post-22221","post","type-post","status-publish","format-standard","has-post-thumbnail","hentry","category-obvestila"],"_links":{"self":[{"href":"https:\/\/www.egss.si\/index.php\/wp-json\/wp\/v2\/posts\/22221","targetHints":{"allow":["GET"]}}],"collection":[{"href":"https:\/\/www.egss.si\/index.php\/wp-json\/wp\/v2\/posts"}],"about":[{"href":"https:\/\/www.egss.si\/index.php\/wp-json\/wp\/v2\/types\/post"}],"author":[{"embeddable":true,"href":"https:\/\/www.egss.si\/index.php\/wp-json\/wp\/v2\/users\/7"}],"replies":[{"embeddable":true,"href":"https:\/\/www.egss.si\/index.php\/wp-json\/wp\/v2\/comments?post=22221"}],"version-history":[{"count":4,"href":"https:\/\/www.egss.si\/index.php\/wp-json\/wp\/v2\/posts\/22221\/revisions"}],"predecessor-version":[{"id":22226,"href":"https:\/\/www.egss.si\/index.php\/wp-json\/wp\/v2\/posts\/22221\/revisions\/22226"}],"wp:featuredmedia":[{"embeddable":true,"href":"https:\/\/www.egss.si\/index.php\/wp-json\/wp\/v2\/media\/22222"}],"wp:attachment":[{"href":"https:\/\/www.egss.si\/index.php\/wp-json\/wp\/v2\/media?parent=22221"}],"wp:term":[{"taxonomy":"category","embeddable":true,"href":"https:\/\/www.egss.si\/index.php\/wp-json\/wp\/v2\/categories?post=22221"},{"taxonomy":"post_tag","embeddable":true,"href":"https:\/\/www.egss.si\/index.php\/wp-json\/wp\/v2\/tags?post=22221"}],"curies":[{"name":"wp","href":"https:\/\/api.w.org\/{rel}","templated":true}]}}